{"id":7784,"date":"2016-02-18T06:38:47","date_gmt":"2016-02-18T11:38:47","guid":{"rendered":"http:\/\/www.cua.edu.co\/web3\/?p=7784"},"modified":"2016-02-18T06:39:11","modified_gmt":"2016-02-18T11:39:11","slug":"noticias-cua","status":"publish","type":"post","link":"https:\/\/cua.edu.co\/web3\/noticias-cua\/","title":{"rendered":"NOTICIAS CUA"},"content":{"rendered":"<h2>Dudas en la\u00a0reubicaci\u00f3n\u00a0de estudiantes en colegios de Cali.<\/h2>\n<div class=\"image-container\"><a href=\"http:\/\/www.cua.edu.co\/web3\/wp-content\/uploads\/2016\/02\/IMAGEN-16503570-2.jpg\" rel=\"attachment wp-att-7791\"><img decoding=\"async\" loading=\"lazy\" class=\"alignnone wp-image-7791\" src=\"data:image\/gif;base64,R0lGODdhAQABAPAAAP\/\/\/wAAACwAAAAAAQABAEACAkQBADs=\" data-lazy-src=\"http:\/\/www.cua.edu.co\/web3\/wp-content\/uploads\/2016\/02\/IMAGEN-16503570-2.jpg\" alt=\"IMAGEN-16503570-2\" width=\"248\" height=\"124\" \/><noscript><img decoding=\"async\" loading=\"lazy\" class=\"alignnone wp-image-7791\" src=\"http:\/\/www.cua.edu.co\/web3\/wp-content\/uploads\/2016\/02\/IMAGEN-16503570-2.jpg\" alt=\"IMAGEN-16503570-2\" width=\"248\" height=\"124\" \/><\/noscript><\/a><\/div>\n<div class=\"home-noticias-principales-v2-sumario\">\n<h6>Foto: Archivo particular &#8211; El Tiempo.<\/h6>\n<h4>Secretar\u00eda de Educaci\u00f3n busca sacar adelante traslado de 26.862 alumnos.<\/h4>\n<p>70 kil\u00f3metros por hora.<\/p>\n<p>En pleno arranque de las clases en los colegios oficiales de la ciudad, el traslado de 26.862 estudiantes que tuvieron que ser reubicados por disposiciones del Ministerio de Educaci\u00f3n, tiene m\u00e1s de un tropiezo.<\/p>\n<p>El Decreto 1851, que les retir\u00f3 la cobertura a las instituciones que obtuvieron bajos puntajes en las Pruebas Saber inferior al percentil 20, afect\u00f3 a 68 instituciones privadas. Ese anuncio caus\u00f3 protestas de padres de familia y docentes, en su mayor\u00eda del oriente de Cali.<\/p>\n<div id=\"videoread\"><\/div>\n<div id=\"pauta_parallax\"><\/div>\n<p>Los afectados aseguran que muchos de los estudiantes no tienen c\u00f3mo transportarse a otros colegios y algunos se enfrentan a las \u2018fronteras invisibles\u2019.<\/p>\n<\/div>\n","protected":false},"excerpt":{"rendered":"<p>Dudas en la\u00a0reubicaci\u00f3n\u00a0de estudiantes en colegios de Cali. Foto: Archivo particular &#8211; El Tiempo. Secretar\u00eda de Educaci\u00f3n busca sacar adelante traslado de 26.862 alumnos. 70 kil\u00f3metros por hora. En pleno arranque de las clases en los colegios oficiales de la ciudad, el traslado de 26.862 estudiantes que tuvieron que ser reubicados por disposiciones del Ministerio [&hellip;]<\/p>\n","protected":false},"author":1,"featured_media":0,"comment_status":"open","ping_status":"closed","sticky":false,"template":"","format":"standard","meta":{"_joinchat":[]},"categories":[1],"tags":[],"yoast_head":"<!-- This site is optimized with the Yoast SEO plugin v20.3 - https:\/\/yoast.com\/wordpress\/plugins\/seo\/ -->\n<title>NOTICIAS CUA - CUA<\/title>\n<meta name=\"robots\" content=\"index, follow, max-snippet:-1, max-image-preview:large, max-video-preview:-1\" \/>\n<link rel=\"canonical\" href=\"https:\/\/cua.edu.co\/web3\/noticias-cua\/\" \/>\n<meta property=\"og:locale\" content=\"es_ES\" \/>\n<meta property=\"og:type\" content=\"article\" \/>\n<meta property=\"og:title\" content=\"NOTICIAS CUA - CUA\" \/>\n<meta property=\"og:description\" content=\"Dudas en la\u00a0reubicaci\u00f3n\u00a0de estudiantes en colegios de Cali. Foto: Archivo particular &#8211; El Tiempo. Secretar\u00eda de Educaci\u00f3n busca sacar adelante traslado de 26.862 alumnos. 70 kil\u00f3metros por hora. En pleno arranque de las clases en los colegios oficiales de la ciudad, el traslado de 26.862 estudiantes que tuvieron que ser reubicados por disposiciones del Ministerio [&hellip;]\" \/>\n<meta property=\"og:url\" content=\"https:\/\/cua.edu.co\/web3\/noticias-cua\/\" \/>\n<meta property=\"og:site_name\" content=\"CUA\" \/>\n<meta property=\"article:published_time\" content=\"2016-02-18T11:38:47+00:00\" \/>\n<meta property=\"article:modified_time\" content=\"2016-02-18T11:39:11+00:00\" \/>\n<meta property=\"og:image\" content=\"http:\/\/www.cua.edu.co\/web3\/wp-content\/uploads\/2016\/02\/IMAGEN-16503570-2.jpg\" \/>\n<meta name=\"author\" content=\"cuaweb3\" \/>\n<meta name=\"twitter:card\" content=\"summary_large_image\" \/>\n<meta name=\"twitter:label1\" content=\"Escrito por\" \/>\n\t<meta name=\"twitter:data1\" content=\"cuaweb3\" \/>\n\t<meta name=\"twitter:label2\" content=\"Tiempo de lectura\" \/>\n\t<meta name=\"twitter:data2\" content=\"1 minuto\" \/>\n<script type=\"application\/ld+json\" class=\"yoast-schema-graph\">{\"@context\":\"https:\/\/schema.org\",\"@graph\":[{\"@type\":\"WebPage\",\"@id\":\"https:\/\/cua.edu.co\/web3\/noticias-cua\/\",\"url\":\"https:\/\/cua.edu.co\/web3\/noticias-cua\/\",\"name\":\"NOTICIAS CUA - CUA\",\"isPartOf\":{\"@id\":\"https:\/\/cua.edu.co\/web3\/#website\"},\"datePublished\":\"2016-02-18T11:38:47+00:00\",\"dateModified\":\"2016-02-18T11:39:11+00:00\",\"author\":{\"@id\":\"https:\/\/cua.edu.co\/web3\/#\/schema\/person\/80b103ed695a5a343fcf91d075d4d96a\"},\"breadcrumb\":{\"@id\":\"https:\/\/cua.edu.co\/web3\/noticias-cua\/#breadcrumb\"},\"inLanguage\":\"es\",\"potentialAction\":[{\"@type\":\"ReadAction\",\"target\":[\"https:\/\/cua.edu.co\/web3\/noticias-cua\/\"]}]},{\"@type\":\"BreadcrumbList\",\"@id\":\"https:\/\/cua.edu.co\/web3\/noticias-cua\/#breadcrumb\",\"itemListElement\":[{\"@type\":\"ListItem\",\"position\":1,\"name\":\"Portada\",\"item\":\"https:\/\/cua.edu.co\/web3\/\"},{\"@type\":\"ListItem\",\"position\":2,\"name\":\"NOTICIAS CUA\"}]},{\"@type\":\"WebSite\",\"@id\":\"https:\/\/cua.edu.co\/web3\/#website\",\"url\":\"https:\/\/cua.edu.co\/web3\/\",\"name\":\"CUA\",\"description\":\"\",\"potentialAction\":[{\"@type\":\"SearchAction\",\"target\":{\"@type\":\"EntryPoint\",\"urlTemplate\":\"https:\/\/cua.edu.co\/web3\/?s={search_term_string}\"},\"query-input\":\"required name=search_term_string\"}],\"inLanguage\":\"es\"},{\"@type\":\"Person\",\"@id\":\"https:\/\/cua.edu.co\/web3\/#\/schema\/person\/80b103ed695a5a343fcf91d075d4d96a\",\"name\":\"cuaweb3\",\"image\":{\"@type\":\"ImageObject\",\"inLanguage\":\"es\",\"@id\":\"https:\/\/cua.edu.co\/web3\/#\/schema\/person\/image\/\",\"url\":\"https:\/\/secure.gravatar.com\/avatar\/63dd65f4606078e4ae115fdb296918db?s=96&d=mm&r=g\",\"contentUrl\":\"https:\/\/secure.gravatar.com\/avatar\/63dd65f4606078e4ae115fdb296918db?s=96&d=mm&r=g\",\"caption\":\"cuaweb3\"},\"url\":\"https:\/\/cua.edu.co\/web3\/author\/cuaweb3\/\"}]}<\/script>\n<!-- \/ Yoast SEO plugin. -->","yoast_head_json":{"title":"NOTICIAS CUA - CUA","robots":{"index":"index","follow":"follow","max-snippet":"max-snippet:-1","max-image-preview":"max-image-preview:large","max-video-preview":"max-video-preview:-1"},"canonical":"https:\/\/cua.edu.co\/web3\/noticias-cua\/","og_locale":"es_ES","og_type":"article","og_title":"NOTICIAS CUA - CUA","og_description":"Dudas en la\u00a0reubicaci\u00f3n\u00a0de estudiantes en colegios de Cali. Foto: Archivo particular &#8211; El Tiempo. Secretar\u00eda de Educaci\u00f3n busca sacar adelante traslado de 26.862 alumnos. 70 kil\u00f3metros por hora. En pleno arranque de las clases en los colegios oficiales de la ciudad, el traslado de 26.862 estudiantes que tuvieron que ser reubicados por disposiciones del Ministerio [&hellip;]","og_url":"https:\/\/cua.edu.co\/web3\/noticias-cua\/","og_site_name":"CUA","article_published_time":"2016-02-18T11:38:47+00:00","article_modified_time":"2016-02-18T11:39:11+00:00","og_image":[{"url":"http:\/\/www.cua.edu.co\/web3\/wp-content\/uploads\/2016\/02\/IMAGEN-16503570-2.jpg"}],"author":"cuaweb3","twitter_card":"summary_large_image","twitter_misc":{"Escrito por":"cuaweb3","Tiempo de lectura":"1 minuto"},"schema":{"@context":"https:\/\/schema.org","@graph":[{"@type":"WebPage","@id":"https:\/\/cua.edu.co\/web3\/noticias-cua\/","url":"https:\/\/cua.edu.co\/web3\/noticias-cua\/","name":"NOTICIAS CUA - CUA","isPartOf":{"@id":"https:\/\/cua.edu.co\/web3\/#website"},"datePublished":"2016-02-18T11:38:47+00:00","dateModified":"2016-02-18T11:39:11+00:00","author":{"@id":"https:\/\/cua.edu.co\/web3\/#\/schema\/person\/80b103ed695a5a343fcf91d075d4d96a"},"breadcrumb":{"@id":"https:\/\/cua.edu.co\/web3\/noticias-cua\/#breadcrumb"},"inLanguage":"es","potentialAction":[{"@type":"ReadAction","target":["https:\/\/cua.edu.co\/web3\/noticias-cua\/"]}]},{"@type":"BreadcrumbList","@id":"https:\/\/cua.edu.co\/web3\/noticias-cua\/#breadcrumb","itemListElement":[{"@type":"ListItem","position":1,"name":"Portada","item":"https:\/\/cua.edu.co\/web3\/"},{"@type":"ListItem","position":2,"name":"NOTICIAS CUA"}]},{"@type":"WebSite","@id":"https:\/\/cua.edu.co\/web3\/#website","url":"https:\/\/cua.edu.co\/web3\/","name":"CUA","description":"","potentialAction":[{"@type":"SearchAction","target":{"@type":"EntryPoint","urlTemplate":"https:\/\/cua.edu.co\/web3\/?s={search_term_string}"},"query-input":"required name=search_term_string"}],"inLanguage":"es"},{"@type":"Person","@id":"https:\/\/cua.edu.co\/web3\/#\/schema\/person\/80b103ed695a5a343fcf91d075d4d96a","name":"cuaweb3","image":{"@type":"ImageObject","inLanguage":"es","@id":"https:\/\/cua.edu.co\/web3\/#\/schema\/person\/image\/","url":"https:\/\/secure.gravatar.com\/avatar\/63dd65f4606078e4ae115fdb296918db?s=96&d=mm&r=g","contentUrl":"https:\/\/secure.gravatar.com\/avatar\/63dd65f4606078e4ae115fdb296918db?s=96&d=mm&r=g","caption":"cuaweb3"},"url":"https:\/\/cua.edu.co\/web3\/author\/cuaweb3\/"}]}},"_links":{"self":[{"href":"https:\/\/cua.edu.co\/web3\/wp-json\/wp\/v2\/posts\/7784"}],"collection":[{"href":"https:\/\/cua.edu.co\/web3\/wp-json\/wp\/v2\/posts"}],"about":[{"href":"https:\/\/cua.edu.co\/web3\/wp-json\/wp\/v2\/types\/post"}],"author":[{"embeddable":true,"href":"https:\/\/cua.edu.co\/web3\/wp-json\/wp\/v2\/users\/1"}],"replies":[{"embeddable":true,"href":"https:\/\/cua.edu.co\/web3\/wp-json\/wp\/v2\/comments?post=7784"}],"version-history":[{"count":4,"href":"https:\/\/cua.edu.co\/web3\/wp-json\/wp\/v2\/posts\/7784\/revisions"}],"predecessor-version":[{"id":7792,"href":"https:\/\/cua.edu.co\/web3\/wp-json\/wp\/v2\/posts\/7784\/revisions\/7792"}],"wp:attachment":[{"href":"https:\/\/cua.edu.co\/web3\/wp-json\/wp\/v2\/media?parent=7784"}],"wp:term":[{"taxonomy":"category","embeddable":true,"href":"https:\/\/cua.edu.co\/web3\/wp-json\/wp\/v2\/categories?post=7784"},{"taxonomy":"post_tag","embeddable":true,"href":"https:\/\/cua.edu.co\/web3\/wp-json\/wp\/v2\/tags?post=7784"}],"curies":[{"name":"wp","href":"https:\/\/api.w.org\/{rel}","templated":true}]}}