{"id":7619,"date":"2015-07-24T15:06:42","date_gmt":"2015-07-24T20:06:42","guid":{"rendered":"http:\/\/www.cua.edu.co\/web3\/?p=7619"},"modified":"2015-07-24T15:10:30","modified_gmt":"2015-07-24T20:10:30","slug":"cua-intep-firman-convenio-de-cooperacion-academica","status":"publish","type":"post","link":"https:\/\/cua.edu.co\/web3\/cua-intep-firman-convenio-de-cooperacion-academica\/","title":{"rendered":"CUA \u2013 INTEP  Firman Convenio de Cooperaci\u00f3n Acad\u00e9mica"},"content":{"rendered":"<p style=\"text-align: justify;\">CUA \u2013 INTEP \u00a0Firman convenio de cooperaci\u00f3n acad\u00e9mica<\/p>\n<p style=\"text-align: justify;\">Desde Junio-2015 los egresados del Programa T\u00e9cnico Laboral en Asistente Contable y financiero,\u00a0continuaran su ciclo de formaci\u00f3n profesional Universitaria, con el INTEP \u2013 Instituto de Educaci\u00f3n\u00a0T\u00e9cnica Profesional de Roldanillo, valle, gracias a este acuerdo, nuestros estudiantes pueden\u00a0seguir creciendo acad\u00e9micamente y seguir construyendo su proyecto de vida.<\/p>\n<p style=\"text-align: justify;\">Los estudiantes del Programa T\u00e9cnico Laboral en Asistente Contable y Financiero, tienen que\u00a0cumplir los requisitos como ser bachiller y tener un promedio de 3.5 en cada uno de los m\u00f3dulos\u00a0cursados; para ser reconocidos en el convenio con el INTEP.<\/p>\n<p style=\"text-align: justify;\">Actualmente la instituci\u00f3n esta gestionando este tipo de convenios con otras instituciones para\u00a0otros programas , para que nuestros estudiantes , sigan en su proceso de formaci\u00f3n en el campo\u00a0profesional.<\/p>\n","protected":false},"excerpt":{"rendered":"<p>CUA \u2013 INTEP \u00a0Firman convenio de cooperaci\u00f3n acad\u00e9mica Desde Junio-2015 los egresados del Programa T\u00e9cnico Laboral en Asistente Contable y financiero,\u00a0continuaran su ciclo de formaci\u00f3n profesional Universitaria, con el INTEP \u2013 Instituto de Educaci\u00f3n\u00a0T\u00e9cnica Profesional de Roldanillo, valle, gracias a este acuerdo, nuestros estudiantes pueden\u00a0seguir creciendo acad\u00e9micamente y seguir construyendo su proyecto de vida. Los [&hellip;]<\/p>\n","protected":false},"author":1,"featured_media":7624,"comment_status":"open","ping_status":"closed","sticky":false,"template":"","format":"standard","meta":{"_joinchat":[]},"categories":[1],"tags":[],"yoast_head":"<!-- This site is optimized with the Yoast SEO plugin v20.3 - https:\/\/yoast.com\/wordpress\/plugins\/seo\/ -->\n<title>CUA \u2013 INTEP Firman Convenio de Cooperaci\u00f3n Acad\u00e9mica - CUA<\/title>\n<meta name=\"robots\" content=\"index, follow, max-snippet:-1, max-image-preview:large, max-video-preview:-1\" \/>\n<link rel=\"canonical\" href=\"https:\/\/cua.edu.co\/web3\/cua-intep-firman-convenio-de-cooperacion-academica\/\" \/>\n<meta property=\"og:locale\" content=\"es_ES\" \/>\n<meta property=\"og:type\" content=\"article\" \/>\n<meta property=\"og:title\" content=\"CUA \u2013 INTEP Firman Convenio de Cooperaci\u00f3n Acad\u00e9mica - CUA\" \/>\n<meta property=\"og:description\" content=\"CUA \u2013 INTEP \u00a0Firman convenio de cooperaci\u00f3n acad\u00e9mica Desde Junio-2015 los egresados del Programa T\u00e9cnico Laboral en Asistente Contable y financiero,\u00a0continuaran su ciclo de formaci\u00f3n profesional Universitaria, con el INTEP \u2013 Instituto de Educaci\u00f3n\u00a0T\u00e9cnica Profesional de Roldanillo, valle, gracias a este acuerdo, nuestros estudiantes pueden\u00a0seguir creciendo acad\u00e9micamente y seguir construyendo su proyecto de vida. Los [&hellip;]\" \/>\n<meta property=\"og:url\" content=\"https:\/\/cua.edu.co\/web3\/cua-intep-firman-convenio-de-cooperacion-academica\/\" \/>\n<meta property=\"og:site_name\" content=\"CUA\" \/>\n<meta property=\"article:published_time\" content=\"2015-07-24T20:06:42+00:00\" \/>\n<meta property=\"article:modified_time\" content=\"2015-07-24T20:10:30+00:00\" \/>\n<meta property=\"og:image\" content=\"https:\/\/cua.edu.co\/web3\/wp-content\/uploads\/2015\/07\/FINALCAJADETEXTO.png\" \/>\n\t<meta property=\"og:image:width\" content=\"381\" \/>\n\t<meta property=\"og:image:height\" content=\"170\" \/>\n\t<meta property=\"og:image:type\" content=\"image\/png\" \/>\n<meta name=\"author\" content=\"cuaweb3\" \/>\n<meta name=\"twitter:card\" content=\"summary_large_image\" \/>\n<meta name=\"twitter:label1\" content=\"Escrito por\" \/>\n\t<meta name=\"twitter:data1\" content=\"cuaweb3\" \/>\n\t<meta name=\"twitter:label2\" content=\"Tiempo de lectura\" \/>\n\t<meta name=\"twitter:data2\" content=\"1 minuto\" \/>\n<script type=\"application\/ld+json\" class=\"yoast-schema-graph\">{\"@context\":\"https:\/\/schema.org\",\"@graph\":[{\"@type\":\"WebPage\",\"@id\":\"https:\/\/cua.edu.co\/web3\/cua-intep-firman-convenio-de-cooperacion-academica\/\",\"url\":\"https:\/\/cua.edu.co\/web3\/cua-intep-firman-convenio-de-cooperacion-academica\/\",\"name\":\"CUA \u2013 INTEP Firman Convenio de Cooperaci\u00f3n Acad\u00e9mica - CUA\",\"isPartOf\":{\"@id\":\"https:\/\/cua.edu.co\/web3\/#website\"},\"datePublished\":\"2015-07-24T20:06:42+00:00\",\"dateModified\":\"2015-07-24T20:10:30+00:00\",\"author\":{\"@id\":\"https:\/\/cua.edu.co\/web3\/#\/schema\/person\/80b103ed695a5a343fcf91d075d4d96a\"},\"breadcrumb\":{\"@id\":\"https:\/\/cua.edu.co\/web3\/cua-intep-firman-convenio-de-cooperacion-academica\/#breadcrumb\"},\"inLanguage\":\"es\",\"potentialAction\":[{\"@type\":\"ReadAction\",\"target\":[\"https:\/\/cua.edu.co\/web3\/cua-intep-firman-convenio-de-cooperacion-academica\/\"]}]},{\"@type\":\"BreadcrumbList\",\"@id\":\"https:\/\/cua.edu.co\/web3\/cua-intep-firman-convenio-de-cooperacion-academica\/#breadcrumb\",\"itemListElement\":[{\"@type\":\"ListItem\",\"position\":1,\"name\":\"Portada\",\"item\":\"https:\/\/cua.edu.co\/web3\/\"},{\"@type\":\"ListItem\",\"position\":2,\"name\":\"CUA \u2013 INTEP Firman Convenio de Cooperaci\u00f3n Acad\u00e9mica\"}]},{\"@type\":\"WebSite\",\"@id\":\"https:\/\/cua.edu.co\/web3\/#website\",\"url\":\"https:\/\/cua.edu.co\/web3\/\",\"name\":\"CUA\",\"description\":\"\",\"potentialAction\":[{\"@type\":\"SearchAction\",\"target\":{\"@type\":\"EntryPoint\",\"urlTemplate\":\"https:\/\/cua.edu.co\/web3\/?s={search_term_string}\"},\"query-input\":\"required name=search_term_string\"}],\"inLanguage\":\"es\"},{\"@type\":\"Person\",\"@id\":\"https:\/\/cua.edu.co\/web3\/#\/schema\/person\/80b103ed695a5a343fcf91d075d4d96a\",\"name\":\"cuaweb3\",\"image\":{\"@type\":\"ImageObject\",\"inLanguage\":\"es\",\"@id\":\"https:\/\/cua.edu.co\/web3\/#\/schema\/person\/image\/\",\"url\":\"https:\/\/secure.gravatar.com\/avatar\/63dd65f4606078e4ae115fdb296918db?s=96&d=mm&r=g\",\"contentUrl\":\"https:\/\/secure.gravatar.com\/avatar\/63dd65f4606078e4ae115fdb296918db?s=96&d=mm&r=g\",\"caption\":\"cuaweb3\"},\"url\":\"https:\/\/cua.edu.co\/web3\/author\/cuaweb3\/\"}]}<\/script>\n<!-- \/ Yoast SEO plugin. -->","yoast_head_json":{"title":"CUA \u2013 INTEP Firman Convenio de Cooperaci\u00f3n Acad\u00e9mica - CUA","robots":{"index":"index","follow":"follow","max-snippet":"max-snippet:-1","max-image-preview":"max-image-preview:large","max-video-preview":"max-video-preview:-1"},"canonical":"https:\/\/cua.edu.co\/web3\/cua-intep-firman-convenio-de-cooperacion-academica\/","og_locale":"es_ES","og_type":"article","og_title":"CUA \u2013 INTEP Firman Convenio de Cooperaci\u00f3n Acad\u00e9mica - CUA","og_description":"CUA \u2013 INTEP \u00a0Firman convenio de cooperaci\u00f3n acad\u00e9mica Desde Junio-2015 los egresados del Programa T\u00e9cnico Laboral en Asistente Contable y financiero,\u00a0continuaran su ciclo de formaci\u00f3n profesional Universitaria, con el INTEP \u2013 Instituto de Educaci\u00f3n\u00a0T\u00e9cnica Profesional de Roldanillo, valle, gracias a este acuerdo, nuestros estudiantes pueden\u00a0seguir creciendo acad\u00e9micamente y seguir construyendo su proyecto de vida. Los [&hellip;]","og_url":"https:\/\/cua.edu.co\/web3\/cua-intep-firman-convenio-de-cooperacion-academica\/","og_site_name":"CUA","article_published_time":"2015-07-24T20:06:42+00:00","article_modified_time":"2015-07-24T20:10:30+00:00","og_image":[{"width":381,"height":170,"url":"https:\/\/cua.edu.co\/web3\/wp-content\/uploads\/2015\/07\/FINALCAJADETEXTO.png","type":"image\/png"}],"author":"cuaweb3","twitter_card":"summary_large_image","twitter_misc":{"Escrito por":"cuaweb3","Tiempo de lectura":"1 minuto"},"schema":{"@context":"https:\/\/schema.org","@graph":[{"@type":"WebPage","@id":"https:\/\/cua.edu.co\/web3\/cua-intep-firman-convenio-de-cooperacion-academica\/","url":"https:\/\/cua.edu.co\/web3\/cua-intep-firman-convenio-de-cooperacion-academica\/","name":"CUA \u2013 INTEP Firman Convenio de Cooperaci\u00f3n Acad\u00e9mica - CUA","isPartOf":{"@id":"https:\/\/cua.edu.co\/web3\/#website"},"datePublished":"2015-07-24T20:06:42+00:00","dateModified":"2015-07-24T20:10:30+00:00","author":{"@id":"https:\/\/cua.edu.co\/web3\/#\/schema\/person\/80b103ed695a5a343fcf91d075d4d96a"},"breadcrumb":{"@id":"https:\/\/cua.edu.co\/web3\/cua-intep-firman-convenio-de-cooperacion-academica\/#breadcrumb"},"inLanguage":"es","potentialAction":[{"@type":"ReadAction","target":["https:\/\/cua.edu.co\/web3\/cua-intep-firman-convenio-de-cooperacion-academica\/"]}]},{"@type":"BreadcrumbList","@id":"https:\/\/cua.edu.co\/web3\/cua-intep-firman-convenio-de-cooperacion-academica\/#breadcrumb","itemListElement":[{"@type":"ListItem","position":1,"name":"Portada","item":"https:\/\/cua.edu.co\/web3\/"},{"@type":"ListItem","position":2,"name":"CUA \u2013 INTEP Firman Convenio de Cooperaci\u00f3n Acad\u00e9mica"}]},{"@type":"WebSite","@id":"https:\/\/cua.edu.co\/web3\/#website","url":"https:\/\/cua.edu.co\/web3\/","name":"CUA","description":"","potentialAction":[{"@type":"SearchAction","target":{"@type":"EntryPoint","urlTemplate":"https:\/\/cua.edu.co\/web3\/?s={search_term_string}"},"query-input":"required name=search_term_string"}],"inLanguage":"es"},{"@type":"Person","@id":"https:\/\/cua.edu.co\/web3\/#\/schema\/person\/80b103ed695a5a343fcf91d075d4d96a","name":"cuaweb3","image":{"@type":"ImageObject","inLanguage":"es","@id":"https:\/\/cua.edu.co\/web3\/#\/schema\/person\/image\/","url":"https:\/\/secure.gravatar.com\/avatar\/63dd65f4606078e4ae115fdb296918db?s=96&d=mm&r=g","contentUrl":"https:\/\/secure.gravatar.com\/avatar\/63dd65f4606078e4ae115fdb296918db?s=96&d=mm&r=g","caption":"cuaweb3"},"url":"https:\/\/cua.edu.co\/web3\/author\/cuaweb3\/"}]}},"_links":{"self":[{"href":"https:\/\/cua.edu.co\/web3\/wp-json\/wp\/v2\/posts\/7619"}],"collection":[{"href":"https:\/\/cua.edu.co\/web3\/wp-json\/wp\/v2\/posts"}],"about":[{"href":"https:\/\/cua.edu.co\/web3\/wp-json\/wp\/v2\/types\/post"}],"author":[{"embeddable":true,"href":"https:\/\/cua.edu.co\/web3\/wp-json\/wp\/v2\/users\/1"}],"replies":[{"embeddable":true,"href":"https:\/\/cua.edu.co\/web3\/wp-json\/wp\/v2\/comments?post=7619"}],"version-history":[{"count":4,"href":"https:\/\/cua.edu.co\/web3\/wp-json\/wp\/v2\/posts\/7619\/revisions"}],"predecessor-version":[{"id":7626,"href":"https:\/\/cua.edu.co\/web3\/wp-json\/wp\/v2\/posts\/7619\/revisions\/7626"}],"wp:featuredmedia":[{"embeddable":true,"href":"https:\/\/cua.edu.co\/web3\/wp-json\/wp\/v2\/media\/7624"}],"wp:attachment":[{"href":"https:\/\/cua.edu.co\/web3\/wp-json\/wp\/v2\/media?parent=7619"}],"wp:term":[{"taxonomy":"category","embeddable":true,"href":"https:\/\/cua.edu.co\/web3\/wp-json\/wp\/v2\/categories?post=7619"},{"taxonomy":"post_tag","embeddable":true,"href":"https:\/\/cua.edu.co\/web3\/wp-json\/wp\/v2\/tags?post=7619"}],"curies":[{"name":"wp","href":"https:\/\/api.w.org\/{rel}","templated":true}]}}